{"id":6052,"date":"2022-02-20T15:41:09","date_gmt":"2022-02-20T15:41:09","guid":{"rendered":"https:\/\/the7.io\/elementor-agency\/?p=6052"},"modified":"2024-07-06T07:46:18","modified_gmt":"2024-07-06T07:46:18","slug":"comenca-compte-enrere","status":"publish","type":"post","link":"https:\/\/www.catalunyadrag.cat\/index.php\/2022\/02\/20\/comenca-compte-enrere\/","title":{"rendered":"Comen\u00e7a el compte enrere"},"content":{"rendered":"\t\t<div data-elementor-type=\"wp-post\" data-elementor-id=\"6052\" class=\"elementor elementor-6052\" data-elementor-post-type=\"post\">\n\t\t\t\t<div data-particle_enable=\"false\" data-particle-mobile-disabled=\"false\" class=\"elementor-element elementor-element-e7de2b8 e-con-full e-flex e-con e-parent\" data-id=\"e7de2b8\" data-element_type=\"container\" data-e-type=\"container\">\n\t\t<div data-particle_enable=\"false\" data-particle-mobile-disabled=\"false\" class=\"elementor-element elementor-element-7c0c0b7 e-con-full e-flex e-con e-child\" data-id=\"7c0c0b7\" data-element_type=\"container\" data-e-type=\"container\">\n\t\t\t\t<div class=\"elementor-element elementor-element-96c38b7 elementor-widget elementor-widget-text-editor\" data-id=\"96c38b7\" data-element_type=\"widget\" data-e-type=\"widget\" data-widget_type=\"text-editor.default\">\n\t\t\t\t<div class=\"elementor-widget-container\">\n\t\t\t\t\t\t\t\t\t<p>Produccions de Catalunya dona el tret de sortida als preparatius per a que Barcelona recuperi un certamen drag de primera categoria.<\/p><p>Despr\u00e9s de 20 anys d&#8217;hist\u00f2ria a Tarragona, on el certamen <strong>Tarragona Drag<\/strong> gaudeix de una salut immillorable amb platea plena any rere any, Produccions de Catalunya aterra a la ciutat comptar per repetir l&#8217;\u00e8xit de Tarragona.<\/p><p>Amb la celebraci\u00f3 del Pride Barcelona 2024, i la segona edici\u00f3 del Eurotruck, la carrossa d&#8217;enguany ja disposa de la capa promocional del Barcelona Drag, aix\u00f2 si, amb bastant secretisme a hores d&#8217;ara i es que no s&#8217;ha facilitat cap informaci\u00f3 m\u00e9s enll\u00e0 de la intenci\u00f3 de realitzar el certamen&#8230;<\/p><p>Aix\u00ed que esperem que us animeu a formar part del projecte i que ens seguiu a les xarxes socials.<\/p>\t\t\t\t\t\t\t\t<\/div>\n\t\t\t\t<\/div>\n\t\t\t\t<\/div>\n\t\t\t\t<\/div>\n\t\t\t\t<\/div>\n\t\t","protected":false},"excerpt":{"rendered":"<p>Produccions de Catalunya dona el tret de sortida als preparatius per a que Barcelona recuperi un certamen drag de primera categoria. Despr\u00e9s de 20 anys d&#8217;hist\u00f2ria a Tarragona, on el certamen Tarragona Drag gaudeix de una salut immillorable amb platea plena any rere any, Produccions de Catalunya aterra a la ciutat comptar per repetir l&#8217;\u00e8xit&hellip;<\/p>\n","protected":false},"author":1,"featured_media":6307,"comment_status":"open","ping_status":"open","sticky":false,"template":"","format":"standard","meta":{"footnotes":""},"categories":[1],"tags":[],"class_list":["post-6052","post","type-post","status-publish","format-standard","has-post-thumbnail","hentry","category-noticies"],"_links":{"self":[{"href":"https:\/\/www.catalunyadrag.cat\/index.php\/wp-json\/wp\/v2\/posts\/6052","targetHints":{"allow":["GET"]}}],"collection":[{"href":"https:\/\/www.catalunyadrag.cat\/index.php\/wp-json\/wp\/v2\/posts"}],"about":[{"href":"https:\/\/www.catalunyadrag.cat\/index.php\/wp-json\/wp\/v2\/types\/post"}],"author":[{"embeddable":true,"href":"https:\/\/www.catalunyadrag.cat\/index.php\/wp-json\/wp\/v2\/users\/1"}],"replies":[{"embeddable":true,"href":"https:\/\/www.catalunyadrag.cat\/index.php\/wp-json\/wp\/v2\/comments?post=6052"}],"version-history":[{"count":37,"href":"https:\/\/www.catalunyadrag.cat\/index.php\/wp-json\/wp\/v2\/posts\/6052\/revisions"}],"predecessor-version":[{"id":6626,"href":"https:\/\/www.catalunyadrag.cat\/index.php\/wp-json\/wp\/v2\/posts\/6052\/revisions\/6626"}],"wp:featuredmedia":[{"embeddable":true,"href":"https:\/\/www.catalunyadrag.cat\/index.php\/wp-json\/wp\/v2\/media\/6307"}],"wp:attachment":[{"href":"https:\/\/www.catalunyadrag.cat\/index.php\/wp-json\/wp\/v2\/media?parent=6052"}],"wp:term":[{"taxonomy":"category","embeddable":true,"href":"https:\/\/www.catalunyadrag.cat\/index.php\/wp-json\/wp\/v2\/categories?post=6052"},{"taxonomy":"post_tag","embeddable":true,"href":"https:\/\/www.catalunyadrag.cat\/index.php\/wp-json\/wp\/v2\/tags?post=6052"}],"curies":[{"name":"wp","href":"https:\/\/api.w.org\/{rel}","templated":true}]}}